{"id":3640,"date":"2024-09-25T11:00:10","date_gmt":"2024-09-25T11:00:10","guid":{"rendered":"https:\/\/colaistenanoilean.ie\/?p=3640"},"modified":"2025-09-02T10:49:22","modified_gmt":"2025-09-02T10:49:22","slug":"course-a-b-fully-booked","status":"publish","type":"post","link":"https:\/\/colaistenanoilean.ie\/en\/course-a-b-fully-booked\/","title":{"rendered":""},"content":{"rendered":"<h4>Limited Spaces Left for Course C at Col\u00e1iste na nOile\u00e1n<\/h4>\n<p>We are thrilled to announce that Course A and Course B at Col\u00e1iste na nOile\u00e1n have reached full capacity for this summer! Thank you to all the parents and students who have secured their spots. We can\u2019t wait to welcome you to the Gaeltacht for an unforgettable language learning experience.<\/p>\n<p>For those of you who may have missed out on Courses A and B, there\u2019s still a chance to join us this summer! <strong>Course C<\/strong> has <strong>limited spaces<\/strong> remaining, but they are filling up quickly. This is your last opportunity to immerse your child in a dynamic Irish-language environment, where they\u2019ll not only improve their fluency but also create lasting memories and friendships.<\/p>\n<h4><strong>Why choose our other courses?<\/strong><\/h4>\n<ul>\n<li><strong>Total Language Immersion:<\/strong> Your child will be surrounded by Irish in the classroom and at home with our local families.<\/li>\n<li><strong>Fun &amp; Engaging Activities:<\/strong> From cultural excursions to outdoor adventures, every day is packed with fun, making learning effortless.<\/li>\n<li><strong>Small Class Sizes:<\/strong> Our low student-to-teacher ratio ensures personalized attention to help your child thrive.<\/li>\n<\/ul>\n<h4><strong>Secure your child&#8217;s place today<\/strong><\/h4>\n<p>With demand for places so high, we strongly encourage you to act now if you&#8217;re interested in the other courses. Don\u2019t let your child miss out on the incredible opportunity to experience the heart of the Gaeltacht, improve their Irish, and make new friends this summer.<\/p>\n<p><a href=\"https:\/\/databizoifig.ie\/courses?guid=H91DWV1\" target=\"_blank\" rel=\"noopener\"><strong><span>Book<\/span><span> Now<\/span><\/strong><\/a> before all spaces are filled! We look forward to welcoming your child to Col\u00e1iste na nOile\u00e1n for a summer of learning, adventure, and fun.<\/p>\n<p>We look forward to welcoming your child to Col\u00e1iste na nOile\u00e1n for a summer of learning, adventure, and fun.<\/p>\n","protected":false},"excerpt":{"rendered":"<p>Limited Spaces Left for Course C at Col\u00e1iste na nOile\u00e1n We are thrilled to announce that Course A and Course B at Col\u00e1iste na nOile\u00e1n have reached full capacity for this summer! Thank you to all the parents and students who have secured their spots. We can\u2019t wait to welcome you to the Gaeltacht for [&hellip;]<\/p>\n","protected":false},"author":1,"featured_media":3223,"comment_status":"closed","ping_status":"open","sticky":false,"template":"","format":"standard","meta":{"footnotes":""},"categories":[59],"tags":[],"class_list":["post-3640","post","type-post","status-publish","format-standard","has-post-thumbnail","hentry","category-latest-news"],"yoast_head":"<!-- This site is optimized with the Yoast SEO plugin v27.4 - https:\/\/yoast.com\/product\/yoast-seo-wordpress\/ -->\n<title>- Col\u00e1iste na nOile\u00e1n<\/title>\n<meta name=\"robots\" content=\"index, follow, max-snippet:-1, max-image-preview:large, max-video-preview:-1\" \/>\n<link rel=\"canonical\" href=\"https:\/\/colaistenanoilean.ie\/en\/course-a-b-fully-booked\/\" \/>\n<meta property=\"og:locale\" content=\"en_US\" \/>\n<meta property=\"og:type\" content=\"article\" \/>\n<meta property=\"og:title\" content=\"- Col\u00e1iste na nOile\u00e1n\" \/>\n<meta property=\"og:description\" content=\"Limited Spaces Left for Course C at Col\u00e1iste na nOile\u00e1n We are thrilled to announce that Course A and Course B at Col\u00e1iste na nOile\u00e1n have reached full capacity for this summer! Thank you to all the parents and students who have secured their spots. We can\u2019t wait to welcome you to the Gaeltacht for [&hellip;]\" \/>\n<meta property=\"og:url\" content=\"https:\/\/colaistenanoilean.ie\/en\/course-a-b-fully-booked\/\" \/>\n<meta property=\"og:site_name\" content=\"Col\u00e1iste na nOile\u00e1n\" \/>\n<meta property=\"article:publisher\" content=\"https:\/\/www.facebook.com\/colaiste.nanoilean\/\" \/>\n<meta property=\"article:published_time\" content=\"2024-09-25T11:00:10+00:00\" \/>\n<meta property=\"article:modified_time\" content=\"2025-09-02T10:49:22+00:00\" \/>\n<meta property=\"og:image\" content=\"https:\/\/colaistenanoilean.ie\/wp-content\/uploads\/2024\/09\/colaiste-na-noilean-ceili.jpg\" \/>\n\t<meta property=\"og:image:width\" content=\"740\" \/>\n\t<meta property=\"og:image:height\" content=\"600\" \/>\n\t<meta property=\"og:image:type\" content=\"image\/jpeg\" \/>\n<meta name=\"author\" content=\"admin_cnn\" \/>\n<meta name=\"twitter:card\" content=\"summary_large_image\" \/>\n<meta name=\"twitter:creator\" content=\"@Col_na_nOilean\" \/>\n<meta name=\"twitter:site\" content=\"@Col_na_nOilean\" \/>\n<meta name=\"twitter:label1\" content=\"Written by\" \/>\n\t<meta name=\"twitter:data1\" content=\"admin_cnn\" \/>\n\t<meta name=\"twitter:label2\" content=\"Est. reading time\" \/>\n\t<meta name=\"twitter:data2\" content=\"2 minutes\" \/>\n<script type=\"application\/ld+json\" class=\"yoast-schema-graph\">{\"@context\":\"https:\\\/\\\/schema.org\",\"@graph\":[{\"@type\":\"Article\",\"@id\":\"https:\\\/\\\/colaistenanoilean.ie\\\/en\\\/course-a-b-fully-booked\\\/#article\",\"isPartOf\":{\"@id\":\"https:\\\/\\\/colaistenanoilean.ie\\\/en\\\/course-a-b-fully-booked\\\/\"},\"author\":{\"name\":\"admin_cnn\",\"@id\":\"https:\\\/\\\/colaistenanoilean.ie\\\/en\\\/#\\\/schema\\\/person\\\/bfa51a0c83b4ce01809a3bc5d55db064\"},\"headline\":\"No title\",\"datePublished\":\"2024-09-25T11:00:10+00:00\",\"dateModified\":\"2025-09-02T10:49:22+00:00\",\"mainEntityOfPage\":{\"@id\":\"https:\\\/\\\/colaistenanoilean.ie\\\/en\\\/course-a-b-fully-booked\\\/\"},\"wordCount\":292,\"publisher\":{\"@id\":\"https:\\\/\\\/colaistenanoilean.ie\\\/en\\\/#organization\"},\"image\":{\"@id\":\"https:\\\/\\\/colaistenanoilean.ie\\\/en\\\/course-a-b-fully-booked\\\/#primaryimage\"},\"thumbnailUrl\":\"https:\\\/\\\/colaistenanoilean.ie\\\/wp-content\\\/uploads\\\/2024\\\/09\\\/colaiste-na-noilean-ceili.jpg\",\"articleSection\":[\"Latest News\"],\"inLanguage\":\"en-US\"},{\"@type\":\"WebPage\",\"@id\":\"https:\\\/\\\/colaistenanoilean.ie\\\/en\\\/course-a-b-fully-booked\\\/\",\"url\":\"https:\\\/\\\/colaistenanoilean.ie\\\/en\\\/course-a-b-fully-booked\\\/\",\"name\":\"- Col\u00e1iste na nOile\u00e1n\",\"isPartOf\":{\"@id\":\"https:\\\/\\\/colaistenanoilean.ie\\\/en\\\/#website\"},\"primaryImageOfPage\":{\"@id\":\"https:\\\/\\\/colaistenanoilean.ie\\\/en\\\/course-a-b-fully-booked\\\/#primaryimage\"},\"image\":{\"@id\":\"https:\\\/\\\/colaistenanoilean.ie\\\/en\\\/course-a-b-fully-booked\\\/#primaryimage\"},\"thumbnailUrl\":\"https:\\\/\\\/colaistenanoilean.ie\\\/wp-content\\\/uploads\\\/2024\\\/09\\\/colaiste-na-noilean-ceili.jpg\",\"datePublished\":\"2024-09-25T11:00:10+00:00\",\"dateModified\":\"2025-09-02T10:49:22+00:00\",\"inLanguage\":\"en-US\",\"potentialAction\":[{\"@type\":\"ReadAction\",\"target\":[\"https:\\\/\\\/colaistenanoilean.ie\\\/en\\\/course-a-b-fully-booked\\\/\"]}]},{\"@type\":\"ImageObject\",\"inLanguage\":\"en-US\",\"@id\":\"https:\\\/\\\/colaistenanoilean.ie\\\/en\\\/course-a-b-fully-booked\\\/#primaryimage\",\"url\":\"https:\\\/\\\/colaistenanoilean.ie\\\/wp-content\\\/uploads\\\/2024\\\/09\\\/colaiste-na-noilean-ceili.jpg\",\"contentUrl\":\"https:\\\/\\\/colaistenanoilean.ie\\\/wp-content\\\/uploads\\\/2024\\\/09\\\/colaiste-na-noilean-ceili.jpg\",\"width\":740,\"height\":600},{\"@type\":\"WebSite\",\"@id\":\"https:\\\/\\\/colaistenanoilean.ie\\\/en\\\/#website\",\"url\":\"https:\\\/\\\/colaistenanoilean.ie\\\/en\\\/\",\"name\":\"Col\u00e1iste na nOile\u00e1n\",\"description\":\"Gaeltacht Connemara, Irish College Galway\",\"publisher\":{\"@id\":\"https:\\\/\\\/colaistenanoilean.ie\\\/en\\\/#organization\"},\"potentialAction\":[{\"@type\":\"SearchAction\",\"target\":{\"@type\":\"EntryPoint\",\"urlTemplate\":\"https:\\\/\\\/colaistenanoilean.ie\\\/en\\\/?s={search_term_string}\"},\"query-input\":{\"@type\":\"PropertyValueSpecification\",\"valueRequired\":true,\"valueName\":\"search_term_string\"}}],\"inLanguage\":\"en-US\"},{\"@type\":\"Organization\",\"@id\":\"https:\\\/\\\/colaistenanoilean.ie\\\/en\\\/#organization\",\"name\":\"Col\u00e1iste na nOile\u00e1n\",\"url\":\"https:\\\/\\\/colaistenanoilean.ie\\\/en\\\/\",\"logo\":{\"@type\":\"ImageObject\",\"inLanguage\":\"en-US\",\"@id\":\"https:\\\/\\\/colaistenanoilean.ie\\\/en\\\/#\\\/schema\\\/logo\\\/image\\\/\",\"url\":\"https:\\\/\\\/colaistenanoilean.ie\\\/wp-content\\\/uploads\\\/2020\\\/12\\\/Colaiste-na-nOilean-logo.png\",\"contentUrl\":\"https:\\\/\\\/colaistenanoilean.ie\\\/wp-content\\\/uploads\\\/2020\\\/12\\\/Colaiste-na-nOilean-logo.png\",\"width\":236,\"height\":100,\"caption\":\"Col\u00e1iste na nOile\u00e1n\"},\"image\":{\"@id\":\"https:\\\/\\\/colaistenanoilean.ie\\\/en\\\/#\\\/schema\\\/logo\\\/image\\\/\"},\"sameAs\":[\"https:\\\/\\\/www.facebook.com\\\/colaiste.nanoilean\\\/\",\"https:\\\/\\\/x.com\\\/Col_na_nOilean\",\"https:\\\/\\\/www.instagram.com\\\/colaistenanoilean_\\\/\",\"https:\\\/\\\/www.tiktok.com\\\/@colaistenanoilean1\"]},{\"@type\":\"Person\",\"@id\":\"https:\\\/\\\/colaistenanoilean.ie\\\/en\\\/#\\\/schema\\\/person\\\/bfa51a0c83b4ce01809a3bc5d55db064\",\"name\":\"admin_cnn\",\"image\":{\"@type\":\"ImageObject\",\"inLanguage\":\"en-US\",\"@id\":\"https:\\\/\\\/secure.gravatar.com\\\/avatar\\\/9456afad11b70851ae7241eb0896df1f3ff71e15380fb7134f7a67cdcf9922ce?s=96&d=mm&r=g\",\"url\":\"https:\\\/\\\/secure.gravatar.com\\\/avatar\\\/9456afad11b70851ae7241eb0896df1f3ff71e15380fb7134f7a67cdcf9922ce?s=96&d=mm&r=g\",\"contentUrl\":\"https:\\\/\\\/secure.gravatar.com\\\/avatar\\\/9456afad11b70851ae7241eb0896df1f3ff71e15380fb7134f7a67cdcf9922ce?s=96&d=mm&r=g\",\"caption\":\"admin_cnn\"},\"sameAs\":[\"https:\\\/\\\/colaistenanoilean.ie\"],\"url\":\"https:\\\/\\\/colaistenanoilean.ie\\\/en\\\/author\\\/admin_cnn\\\/\"}]}<\/script>\n<!-- \/ Yoast SEO plugin. -->","yoast_head_json":{"title":"- Col\u00e1iste na nOile\u00e1n","robots":{"index":"index","follow":"follow","max-snippet":"max-snippet:-1","max-image-preview":"max-image-preview:large","max-video-preview":"max-video-preview:-1"},"canonical":"https:\/\/colaistenanoilean.ie\/en\/course-a-b-fully-booked\/","og_locale":"en_US","og_type":"article","og_title":"- Col\u00e1iste na nOile\u00e1n","og_description":"Limited Spaces Left for Course C at Col\u00e1iste na nOile\u00e1n We are thrilled to announce that Course A and Course B at Col\u00e1iste na nOile\u00e1n have reached full capacity for this summer! Thank you to all the parents and students who have secured their spots. We can\u2019t wait to welcome you to the Gaeltacht for [&hellip;]","og_url":"https:\/\/colaistenanoilean.ie\/en\/course-a-b-fully-booked\/","og_site_name":"Col\u00e1iste na nOile\u00e1n","article_publisher":"https:\/\/www.facebook.com\/colaiste.nanoilean\/","article_published_time":"2024-09-25T11:00:10+00:00","article_modified_time":"2025-09-02T10:49:22+00:00","og_image":[{"width":740,"height":600,"url":"https:\/\/colaistenanoilean.ie\/wp-content\/uploads\/2024\/09\/colaiste-na-noilean-ceili.jpg","type":"image\/jpeg"}],"author":"admin_cnn","twitter_card":"summary_large_image","twitter_creator":"@Col_na_nOilean","twitter_site":"@Col_na_nOilean","twitter_misc":{"Written by":"admin_cnn","Est. reading time":"2 minutes"},"schema":{"@context":"https:\/\/schema.org","@graph":[{"@type":"Article","@id":"https:\/\/colaistenanoilean.ie\/en\/course-a-b-fully-booked\/#article","isPartOf":{"@id":"https:\/\/colaistenanoilean.ie\/en\/course-a-b-fully-booked\/"},"author":{"name":"admin_cnn","@id":"https:\/\/colaistenanoilean.ie\/en\/#\/schema\/person\/bfa51a0c83b4ce01809a3bc5d55db064"},"headline":"No title","datePublished":"2024-09-25T11:00:10+00:00","dateModified":"2025-09-02T10:49:22+00:00","mainEntityOfPage":{"@id":"https:\/\/colaistenanoilean.ie\/en\/course-a-b-fully-booked\/"},"wordCount":292,"publisher":{"@id":"https:\/\/colaistenanoilean.ie\/en\/#organization"},"image":{"@id":"https:\/\/colaistenanoilean.ie\/en\/course-a-b-fully-booked\/#primaryimage"},"thumbnailUrl":"https:\/\/colaistenanoilean.ie\/wp-content\/uploads\/2024\/09\/colaiste-na-noilean-ceili.jpg","articleSection":["Latest News"],"inLanguage":"en-US"},{"@type":"WebPage","@id":"https:\/\/colaistenanoilean.ie\/en\/course-a-b-fully-booked\/","url":"https:\/\/colaistenanoilean.ie\/en\/course-a-b-fully-booked\/","name":"- Col\u00e1iste na nOile\u00e1n","isPartOf":{"@id":"https:\/\/colaistenanoilean.ie\/en\/#website"},"primaryImageOfPage":{"@id":"https:\/\/colaistenanoilean.ie\/en\/course-a-b-fully-booked\/#primaryimage"},"image":{"@id":"https:\/\/colaistenanoilean.ie\/en\/course-a-b-fully-booked\/#primaryimage"},"thumbnailUrl":"https:\/\/colaistenanoilean.ie\/wp-content\/uploads\/2024\/09\/colaiste-na-noilean-ceili.jpg","datePublished":"2024-09-25T11:00:10+00:00","dateModified":"2025-09-02T10:49:22+00:00","inLanguage":"en-US","potentialAction":[{"@type":"ReadAction","target":["https:\/\/colaistenanoilean.ie\/en\/course-a-b-fully-booked\/"]}]},{"@type":"ImageObject","inLanguage":"en-US","@id":"https:\/\/colaistenanoilean.ie\/en\/course-a-b-fully-booked\/#primaryimage","url":"https:\/\/colaistenanoilean.ie\/wp-content\/uploads\/2024\/09\/colaiste-na-noilean-ceili.jpg","contentUrl":"https:\/\/colaistenanoilean.ie\/wp-content\/uploads\/2024\/09\/colaiste-na-noilean-ceili.jpg","width":740,"height":600},{"@type":"WebSite","@id":"https:\/\/colaistenanoilean.ie\/en\/#website","url":"https:\/\/colaistenanoilean.ie\/en\/","name":"Col\u00e1iste na nOile\u00e1n","description":"Gaeltacht Connemara, Irish College Galway","publisher":{"@id":"https:\/\/colaistenanoilean.ie\/en\/#organization"},"potentialAction":[{"@type":"SearchAction","target":{"@type":"EntryPoint","urlTemplate":"https:\/\/colaistenanoilean.ie\/en\/?s={search_term_string}"},"query-input":{"@type":"PropertyValueSpecification","valueRequired":true,"valueName":"search_term_string"}}],"inLanguage":"en-US"},{"@type":"Organization","@id":"https:\/\/colaistenanoilean.ie\/en\/#organization","name":"Col\u00e1iste na nOile\u00e1n","url":"https:\/\/colaistenanoilean.ie\/en\/","logo":{"@type":"ImageObject","inLanguage":"en-US","@id":"https:\/\/colaistenanoilean.ie\/en\/#\/schema\/logo\/image\/","url":"https:\/\/colaistenanoilean.ie\/wp-content\/uploads\/2020\/12\/Colaiste-na-nOilean-logo.png","contentUrl":"https:\/\/colaistenanoilean.ie\/wp-content\/uploads\/2020\/12\/Colaiste-na-nOilean-logo.png","width":236,"height":100,"caption":"Col\u00e1iste na nOile\u00e1n"},"image":{"@id":"https:\/\/colaistenanoilean.ie\/en\/#\/schema\/logo\/image\/"},"sameAs":["https:\/\/www.facebook.com\/colaiste.nanoilean\/","https:\/\/x.com\/Col_na_nOilean","https:\/\/www.instagram.com\/colaistenanoilean_\/","https:\/\/www.tiktok.com\/@colaistenanoilean1"]},{"@type":"Person","@id":"https:\/\/colaistenanoilean.ie\/en\/#\/schema\/person\/bfa51a0c83b4ce01809a3bc5d55db064","name":"admin_cnn","image":{"@type":"ImageObject","inLanguage":"en-US","@id":"https:\/\/secure.gravatar.com\/avatar\/9456afad11b70851ae7241eb0896df1f3ff71e15380fb7134f7a67cdcf9922ce?s=96&d=mm&r=g","url":"https:\/\/secure.gravatar.com\/avatar\/9456afad11b70851ae7241eb0896df1f3ff71e15380fb7134f7a67cdcf9922ce?s=96&d=mm&r=g","contentUrl":"https:\/\/secure.gravatar.com\/avatar\/9456afad11b70851ae7241eb0896df1f3ff71e15380fb7134f7a67cdcf9922ce?s=96&d=mm&r=g","caption":"admin_cnn"},"sameAs":["https:\/\/colaistenanoilean.ie"],"url":"https:\/\/colaistenanoilean.ie\/en\/author\/admin_cnn\/"}]}},"_links":{"self":[{"href":"https:\/\/colaistenanoilean.ie\/en\/wp-json\/wp\/v2\/posts\/3640","targetHints":{"allow":["GET"]}}],"collection":[{"href":"https:\/\/colaistenanoilean.ie\/en\/wp-json\/wp\/v2\/posts"}],"about":[{"href":"https:\/\/colaistenanoilean.ie\/en\/wp-json\/wp\/v2\/types\/post"}],"author":[{"embeddable":true,"href":"https:\/\/colaistenanoilean.ie\/en\/wp-json\/wp\/v2\/users\/1"}],"replies":[{"embeddable":true,"href":"https:\/\/colaistenanoilean.ie\/en\/wp-json\/wp\/v2\/comments?post=3640"}],"version-history":[{"count":8,"href":"https:\/\/colaistenanoilean.ie\/en\/wp-json\/wp\/v2\/posts\/3640\/revisions"}],"predecessor-version":[{"id":5531,"href":"https:\/\/colaistenanoilean.ie\/en\/wp-json\/wp\/v2\/posts\/3640\/revisions\/5531"}],"wp:featuredmedia":[{"embeddable":true,"href":"https:\/\/colaistenanoilean.ie\/en\/wp-json\/wp\/v2\/media\/3223"}],"wp:attachment":[{"href":"https:\/\/colaistenanoilean.ie\/en\/wp-json\/wp\/v2\/media?parent=3640"}],"wp:term":[{"taxonomy":"category","embeddable":true,"href":"https:\/\/colaistenanoilean.ie\/en\/wp-json\/wp\/v2\/categories?post=3640"},{"taxonomy":"post_tag","embeddable":true,"href":"https:\/\/colaistenanoilean.ie\/en\/wp-json\/wp\/v2\/tags?post=3640"}],"curies":[{"name":"wp","href":"https:\/\/api.w.org\/{rel}","templated":true}]}}